{"id":3360,"date":"2026-03-13T12:42:47","date_gmt":"2026-03-13T15:42:47","guid":{"rendered":"https:\/\/infochoice.com.br\/site\/?p=3360"},"modified":"2026-03-14T15:26:16","modified_gmt":"2026-03-14T18:26:16","slug":"comunicacao-corporativa-evolucao-plataformas","status":"publish","type":"post","link":"https:\/\/infochoice.com.br\/site\/index.php\/2026\/03\/13\/comunicacao-corporativa-evolucao-plataformas\/","title":{"rendered":"Por que tantas empresas est\u00e3o revisitando suas plataformas de comunica\u00e7\u00e3o corporativa"},"content":{"rendered":"\n<figure class=\"wp-block-image size-medium\"><img loading=\"lazy\" decoding=\"async\" width=\"300\" height=\"200\" src=\"https:\/\/infochoice.com.br\/site\/wp-content\/uploads\/2026\/03\/Selo_Conteudo_Imersivo_InfoChoice-300x200.png\" alt=\"Selo Conte\u00fado Imersivo InfoChoice\" class=\"wp-image-3046\" srcset=\"https:\/\/infochoice.com.br\/site\/wp-content\/uploads\/2026\/03\/Selo_Conteudo_Imersivo_InfoChoice-300x200.png 300w, https:\/\/infochoice.com.br\/site\/wp-content\/uploads\/2026\/03\/Selo_Conteudo_Imersivo_InfoChoice-1024x683.png 1024w, https:\/\/infochoice.com.br\/site\/wp-content\/uploads\/2026\/03\/Selo_Conteudo_Imersivo_InfoChoice-768x512.png 768w, https:\/\/infochoice.com.br\/site\/wp-content\/uploads\/2026\/03\/Selo_Conteudo_Imersivo_InfoChoice.png 1536w\" sizes=\"auto, (max-width: 300px) 100vw, 300px\" \/><\/figure>\n\n\n\n<h4 class=\"wp-block-heading\"><em>A comunica\u00e7\u00e3o empresarial est\u00e1 mudando \u2014 e muitas organiza\u00e7\u00f5es est\u00e3o percebendo que sua infraestrutura atual talvez n\u00e3o esteja preparada para os pr\u00f3ximos anos.<\/em><\/h4>\n\n\n\n<p>Durante muito tempo, a telefonia corporativa foi vista apenas como um recurso operacional b\u00e1sico: um sistema necess\u00e1rio para realizar e receber chamadas. No entanto, o contexto atual das empresas mudou profundamente.<\/p>\n\n\n\n<p>Mobilidade, trabalho h\u00edbrido, integra\u00e7\u00e3o entre sistemas e automa\u00e7\u00e3o de processos est\u00e3o redefinindo a forma como as organiza\u00e7\u00f5es se comunicam \u2014 tanto internamente quanto com clientes e parceiros.<\/p>\n\n\n\n<p>Por isso, cada vez mais empresas est\u00e3o revisitando suas plataformas de comunica\u00e7\u00e3o corporativa, buscando entender se a infraestrutura atual ainda atende \u00e0s necessidades de um ambiente de neg\u00f3cios cada vez mais digital.<\/p>\n\n\n\n<p>Este artigo inaugura uma s\u00e9rie especial da InfoChoice sobre <strong>Comunica\u00e7\u00e3o Corporativa na Era da IA<\/strong>, na qual exploraremos como tecnologias como comunica\u00e7\u00e3o em nuvem, mobilidade, automa\u00e7\u00e3o e integra\u00e7\u00e3o com aplica\u00e7\u00f5es est\u00e3o transformando a forma como as empresas estruturam suas comunica\u00e7\u00f5es.<\/p>\n\n\n\n<hr class=\"wp-block-separator has-alpha-channel-opacity\"\/>\n\n\n\n<h1 class=\"wp-block-heading\">O fim da telefonia como simples infraestrutura<\/h1>\n\n\n\n<p>Durante d\u00e9cadas, os sistemas de telefonia corporativa foram implementados como parte da infraestrutura b\u00e1sica da empresa \u2014 frequentemente baseados em equipamentos locais, com alto grau de depend\u00eancia de hardware espec\u00edfico e pouca integra\u00e7\u00e3o com outros sistemas.<\/p>\n\n\n\n<p>Esse modelo funcionou bem durante muito tempo, mas apresenta limita\u00e7\u00f5es claras diante das novas demandas do ambiente corporativo moderno.<\/p>\n\n\n\n<p>Hoje, as empresas precisam de solu\u00e7\u00f5es que permitam:<\/p>\n\n\n\n<ul class=\"wp-block-list\">\n<li>maior mobilidade para colaboradores<\/li>\n\n\n\n<li>integra\u00e7\u00e3o com sistemas de neg\u00f3cio<\/li>\n\n\n\n<li>automa\u00e7\u00e3o de processos de atendimento<\/li>\n\n\n\n<li>escalabilidade e flexibilidade<\/li>\n\n\n\n<li>visibilidade sobre dados e m\u00e9tricas de comunica\u00e7\u00e3o<\/li>\n<\/ul>\n\n\n\n<p>Quando essas necessidades come\u00e7am a surgir, muitas organiza\u00e7\u00f5es percebem que suas plataformas de comunica\u00e7\u00e3o atuais n\u00e3o foram projetadas para atender esse novo cen\u00e1rio.<\/p>\n\n\n\n<hr class=\"wp-block-separator has-alpha-channel-opacity\"\/>\n\n\n\n<h1 class=\"wp-block-heading\">A press\u00e3o silenciosa da transforma\u00e7\u00e3o digital<\/h1>\n\n\n\n<p>A transforma\u00e7\u00e3o digital n\u00e3o impacta apenas sistemas de gest\u00e3o ou plataformas de e-commerce. Ela tamb\u00e9m est\u00e1 transformando profundamente a forma como as empresas se comunicam.<\/p>\n\n\n\n<p>Equipes comerciais trabalham cada vez mais em movimento.<br>Equipes de atendimento precisam acessar informa\u00e7\u00f5es de clientes em tempo real.<br>Executivos participam de reuni\u00f5es e tomam decis\u00f5es de qualquer lugar.<\/p>\n\n\n\n<p>Nesse contexto, a comunica\u00e7\u00e3o corporativa precisa ser:<\/p>\n\n\n\n<ul class=\"wp-block-list\">\n<li>acess\u00edvel em m\u00faltiplos dispositivos<\/li>\n\n\n\n<li>integrada aos sistemas da empresa<\/li>\n\n\n\n<li>capaz de suportar novos canais de intera\u00e7\u00e3o<\/li>\n<\/ul>\n\n\n\n<p>Quando a infraestrutura de comunica\u00e7\u00e3o n\u00e3o acompanha essa evolu\u00e7\u00e3o, surgem fric\u00e7\u00f5es operacionais que impactam produtividade e experi\u00eancia do cliente.<\/p>\n\n\n\n<hr class=\"wp-block-separator has-alpha-channel-opacity\"\/>\n\n\n\n<h1 class=\"wp-block-heading\">O impacto do trabalho h\u00edbrido e da mobilidade<\/h1>\n\n\n\n<p>Outro fator que tem acelerado essa revis\u00e3o das plataformas de comunica\u00e7\u00e3o \u00e9 a consolida\u00e7\u00e3o do trabalho h\u00edbrido.<\/p>\n\n\n\n<p>Hoje, colaboradores precisam acessar seus ramais corporativos:<\/p>\n\n\n\n<ul class=\"wp-block-list\">\n<li>no escrit\u00f3rio<\/li>\n\n\n\n<li>em casa<\/li>\n\n\n\n<li>em viagens<\/li>\n\n\n\n<li>em dispositivos m\u00f3veis<\/li>\n<\/ul>\n\n\n\n<p>Plataformas tradicionais de telefonia, baseadas exclusivamente em hardware local, muitas vezes n\u00e3o conseguem oferecer essa flexibilidade sem complexidade operacional significativa.<\/p>\n\n\n\n<p>Isso leva muitas organiza\u00e7\u00f5es a buscar arquiteturas mais modernas, capazes de acompanhar a mobilidade do ambiente de trabalho atual.<\/p>\n\n\n\n<hr class=\"wp-block-separator has-alpha-channel-opacity\"\/>\n\n\n\n<h1 class=\"wp-block-heading\">A nova fronteira: comunica\u00e7\u00e3o integrada aos sistemas da empresa<\/h1>\n\n\n\n<p>Talvez uma das mudan\u00e7as mais importantes esteja na integra\u00e7\u00e3o entre comunica\u00e7\u00e3o e aplica\u00e7\u00f5es de neg\u00f3cio.<\/p>\n\n\n\n<p>Cada vez mais empresas est\u00e3o conectando suas plataformas de comunica\u00e7\u00e3o com sistemas como:<\/p>\n\n\n\n<ul class=\"wp-block-list\">\n<li>CRM<\/li>\n\n\n\n<li>plataformas de atendimento<\/li>\n\n\n\n<li>ferramentas de colabora\u00e7\u00e3o<\/li>\n\n\n\n<li>aplica\u00e7\u00f5es internas<\/li>\n<\/ul>\n\n\n\n<p>Essa integra\u00e7\u00e3o permite, por exemplo:<\/p>\n\n\n\n<ul class=\"wp-block-list\">\n<li>registrar automaticamente intera\u00e7\u00f5es com clientes<\/li>\n\n\n\n<li>acessar hist\u00f3rico de relacionamento durante uma chamada<\/li>\n\n\n\n<li>automatizar fluxos de atendimento<\/li>\n\n\n\n<li>gerar m\u00e9tricas e insights sobre comunica\u00e7\u00e3o<\/li>\n<\/ul>\n\n\n\n<p>Nesse cen\u00e1rio, a telefonia deixa de ser apenas um canal isolado e passa a fazer parte do ecossistema digital da empresa.<\/p>\n\n\n\n<hr class=\"wp-block-separator has-alpha-channel-opacity\"\/>\n\n\n\n<h1 class=\"wp-block-heading\">A evolu\u00e7\u00e3o para plataformas de comunica\u00e7\u00e3o inteligentes<\/h1>\n\n\n\n<p>Diante dessas mudan\u00e7as, muitas organiza\u00e7\u00f5es est\u00e3o migrando gradualmente de modelos tradicionais de telefonia para plataformas modernas de comunica\u00e7\u00e3o corporativa baseadas em nuvem.<\/p>\n\n\n\n<p>Essas plataformas permitem combinar diferentes capacidades em uma \u00fanica arquitetura:<\/p>\n\n\n\n<ul class=\"wp-block-list\">\n<li>comunica\u00e7\u00e3o em nuvem<\/li>\n\n\n\n<li>mobilidade corporativa<\/li>\n\n\n\n<li>automa\u00e7\u00e3o de atendimento<\/li>\n\n\n\n<li>integra\u00e7\u00e3o com aplica\u00e7\u00f5es<\/li>\n\n\n\n<li>uso crescente de intelig\u00eancia artificial<\/li>\n<\/ul>\n\n\n\n<p>Essa evolu\u00e7\u00e3o transforma a comunica\u00e7\u00e3o em um elemento estrat\u00e9gico da opera\u00e7\u00e3o e da experi\u00eancia do cliente.<\/p>\n\n\n\n<hr class=\"wp-block-separator has-alpha-channel-opacity\"\/>\n\n\n\n<h1 class=\"wp-block-heading\">Uma nova forma de pensar a comunica\u00e7\u00e3o corporativa<\/h1>\n\n\n\n<p>\u00c0 medida que as empresas passam a enxergar a comunica\u00e7\u00e3o como parte essencial da arquitetura digital, surge tamb\u00e9m a necessidade de estruturar essa evolu\u00e7\u00e3o de forma estrat\u00e9gica.<\/p>\n\n\n\n<p><a href=\"https:\/\/infochoice.com.br\/site\/index.php\/2026\/03\/13\/telefonia-corporativa-obsoleta\/\">Nos pr\u00f3ximos artigos desta s\u00e9rie<\/a>, exploraremos temas como:<\/p>\n\n\n\n<ul class=\"wp-block-list\">\n<li>os sinais de obsolesc\u00eancia em plataformas de telefonia corporativa<\/li>\n\n\n\n<li>os benef\u00edcios do PABX em nuvem<\/li>\n\n\n\n<li>mobilidade corporativa e trabalho h\u00edbrido<\/li>\n\n\n\n<li>integra\u00e7\u00e3o entre telefonia e sistemas de neg\u00f3cio<\/li>\n\n\n\n<li>automa\u00e7\u00e3o e intelig\u00eancia artificial aplicadas \u00e0 comunica\u00e7\u00e3o<\/li>\n<\/ul>\n\n\n\n<p>Tamb\u00e9m apresentaremos o <strong>Framework de Comunica\u00e7\u00e3o Inteligente da InfoChoice<\/strong>, que organiza os principais pilares de uma arquitetura moderna de comunica\u00e7\u00e3o corporativa.<\/p>\n\n\n\n<hr class=\"wp-block-separator has-alpha-channel-opacity\"\/>\n\n\n\n<h1 class=\"wp-block-heading\">Conclus\u00e3o<\/h1>\n\n\n\n<p>A comunica\u00e7\u00e3o corporativa est\u00e1 passando por uma transforma\u00e7\u00e3o silenciosa, mas profunda.<\/p>\n\n\n\n<p>Empresas que revisitam suas plataformas de comunica\u00e7\u00e3o n\u00e3o est\u00e3o apenas atualizando tecnologia \u2014 est\u00e3o criando as bases para uma comunica\u00e7\u00e3o mais integrada, inteligente e alinhada \u00e0s necessidades do ambiente digital.<\/p>\n\n\n\n<p>Nos pr\u00f3ximos artigos desta s\u00e9rie, vamos explorar em mais detalhes como essa evolu\u00e7\u00e3o est\u00e1 acontecendo e quais caminhos as organiza\u00e7\u00f5es podem seguir para modernizar suas plataformas de comunica\u00e7\u00e3o de forma estrat\u00e9gica.<\/p>\n\n\n\n<hr class=\"wp-block-separator has-alpha-channel-opacity\"\/>\n\n\n\n<h2 class=\"wp-block-heading\">Como a InfoChoice pode ajudar<\/h2>\n\n\n\n<p>Se a sua empresa est\u00e1 avaliando a moderniza\u00e7\u00e3o de sua plataforma de comunica\u00e7\u00e3o corporativa, a InfoChoice pode apoiar desde a an\u00e1lise do ambiente atual at\u00e9 o desenho e implementa\u00e7\u00e3o de uma arquitetura moderna, escal\u00e1vel e preparada para o futuro.<\/p>\n\n\n\n<p>\ud83d\udc49 Fale com nossos especialistas ou utilize o <strong>Assistente Virtual da InfoChoice<\/strong> (a bolinha azul pulsante no canto inferior do site) ou&nbsp;<a href=\"https:\/\/infochoice.com.br\/site\/index.php\/contato\/\">preencha o nosso formul\u00e1rio estrat\u00e9gico&nbsp;<\/a>para iniciar uma conversa sobre como transformar a comunica\u00e7\u00e3o corporativa da sua empresa.<\/p>\n\n\n\n<h2 class=\"wp-block-heading\">Podcast e An\u00e1lise Imersiva<\/h2>\n\n\n\n<figure class=\"wp-block-audio\"><audio controls src=\"https:\/\/infochoice.com.br\/site\/podcasts\/Por_que_o_telefone_fixo_virou_museu.m4a\"><\/audio><\/figure>\n\n\n\n<h2 class=\"wp-block-heading\">Infogr\u00e1fico<\/h2>\n\n\n\n<figure class=\"wp-block-image size-large\"><img loading=\"lazy\" decoding=\"async\" width=\"1024\" height=\"572\" src=\"https:\/\/infochoice.com.br\/site\/wp-content\/uploads\/2026\/03\/Infografico_A_Evolucao_da_Comunicacao_InfoChoice-1024x572.png\" alt=\"\" class=\"wp-image-3398\" srcset=\"https:\/\/infochoice.com.br\/site\/wp-content\/uploads\/2026\/03\/Infografico_A_Evolucao_da_Comunicacao_InfoChoice-1024x572.png 1024w, https:\/\/infochoice.com.br\/site\/wp-content\/uploads\/2026\/03\/Infografico_A_Evolucao_da_Comunicacao_InfoChoice-300x167.png 300w, https:\/\/infochoice.com.br\/site\/wp-content\/uploads\/2026\/03\/Infografico_A_Evolucao_da_Comunicacao_InfoChoice-768x429.png 768w, https:\/\/infochoice.com.br\/site\/wp-content\/uploads\/2026\/03\/Infografico_A_Evolucao_da_Comunicacao_InfoChoice-1536x857.png 1536w, https:\/\/infochoice.com.br\/site\/wp-content\/uploads\/2026\/03\/Infografico_A_Evolucao_da_Comunicacao_InfoChoice-2048x1143.png 2048w\" sizes=\"auto, (max-width: 1024px) 100vw, 1024px\" \/><\/figure>\n\n\n\n<h2 class=\"wp-block-heading\">Mapa Mental<\/h2>\n\n\n\n<figure class=\"wp-block-image size-large\"><img loading=\"lazy\" decoding=\"async\" width=\"731\" height=\"1024\" src=\"https:\/\/infochoice.com.br\/site\/wp-content\/uploads\/2026\/03\/Mapa_Mental_A_Ascensao_da_Comunicacao_em_Nuvem_e_o_Fim_do_PABX_InfoChoice-731x1024.png\" alt=\"Mapa Mental A Ascens\u00e3o da Comunica\u00e7\u00e3o em Nuvem e o Fim do PABX - InfoChoice\" class=\"wp-image-3394\" srcset=\"https:\/\/infochoice.com.br\/site\/wp-content\/uploads\/2026\/03\/Mapa_Mental_A_Ascensao_da_Comunicacao_em_Nuvem_e_o_Fim_do_PABX_InfoChoice-731x1024.png 731w, https:\/\/infochoice.com.br\/site\/wp-content\/uploads\/2026\/03\/Mapa_Mental_A_Ascensao_da_Comunicacao_em_Nuvem_e_o_Fim_do_PABX_InfoChoice-214x300.png 214w, https:\/\/infochoice.com.br\/site\/wp-content\/uploads\/2026\/03\/Mapa_Mental_A_Ascensao_da_Comunicacao_em_Nuvem_e_o_Fim_do_PABX_InfoChoice-768x1076.png 768w, https:\/\/infochoice.com.br\/site\/wp-content\/uploads\/2026\/03\/Mapa_Mental_A_Ascensao_da_Comunicacao_em_Nuvem_e_o_Fim_do_PABX_InfoChoice-1096x1536.png 1096w, https:\/\/infochoice.com.br\/site\/wp-content\/uploads\/2026\/03\/Mapa_Mental_A_Ascensao_da_Comunicacao_em_Nuvem_e_o_Fim_do_PABX_InfoChoice-1462x2048.png 1462w, https:\/\/infochoice.com.br\/site\/wp-content\/uploads\/2026\/03\/Mapa_Mental_A_Ascensao_da_Comunicacao_em_Nuvem_e_o_Fim_do_PABX_InfoChoice-scaled.png 1827w\" sizes=\"auto, (max-width: 731px) 100vw, 731px\" \/><\/figure>\n\n\n\n<hr class=\"wp-block-separator has-alpha-channel-opacity\"\/>\n\n\n\n<h1 class=\"wp-block-heading\">Estrutura da S\u00e9rie<\/h1>\n\n\n\n<p>Para facilitar a compreens\u00e3o do tema, organizamos a s\u00e9rie em&nbsp;<strong>quatro blocos tem\u00e1ticos<\/strong>, que acompanham a jornada de evolu\u00e7\u00e3o da comunica\u00e7\u00e3o corporativa.<\/p>\n\n\n\n<hr class=\"wp-block-separator has-alpha-channel-opacity\"\/>\n\n\n\n<h1 class=\"wp-block-heading\">Bloco 1 \u2014 O despertar do mercado<\/h1>\n\n\n\n<p>Este primeiro bloco explora os sinais de mudan\u00e7a que est\u00e3o levando muitas organiza\u00e7\u00f5es a revisitar suas plataformas de comunica\u00e7\u00e3o.<\/p>\n\n\n\n<h3 class=\"wp-block-heading\">Artigo 1<\/h3>\n\n\n\n<p><strong><a href=\"https:\/\/infochoice.com.br\/site\/index.php\/2026\/03\/13\/comunicacao-corporativa-evolucao-plataformas\/\">Por que tantas empresas est\u00e3o revisitando suas plataformas de comunica\u00e7\u00e3o corporativa<\/a><\/strong><\/p>\n\n\n\n<p>Uma an\u00e1lise das mudan\u00e7as no ambiente de trabalho e nas necessidades das empresas que est\u00e3o impulsionando a revis\u00e3o das plataformas de comunica\u00e7\u00e3o.<\/p>\n\n\n\n<h3 class=\"wp-block-heading\">Artigo 2<\/h3>\n\n\n\n<p><strong><a href=\"https:\/\/infochoice.com.br\/site\/index.php\/2026\/03\/13\/telefonia-corporativa-obsoleta\/\">5 sinais de que sua telefonia corporativa est\u00e1 ficando obsoleta<\/a><\/strong><\/p>\n\n\n\n<p>Os principais ind\u00edcios de que a infraestrutura atual de telefonia pode n\u00e3o estar preparada para o futuro.<\/p>\n\n\n\n<h3 class=\"wp-block-heading\">Artigo 3<\/h3>\n\n\n\n<p><strong><a href=\"https:\/\/infochoice.com.br\/site\/index.php\/2026\/03\/13\/telefonia-tradicional-desaparecendo\/\">Por que a telefonia tradicional est\u00e1 desaparecendo das empresas<\/a><\/strong><\/p>\n\n\n\n<p>Uma an\u00e1lise das mudan\u00e7as tecnol\u00f3gicas e operacionais que est\u00e3o transformando o mercado de comunica\u00e7\u00e3o corporativa.<\/p>\n\n\n\n<hr class=\"wp-block-separator has-alpha-channel-opacity\"\/>\n\n\n\n<h1 class=\"wp-block-heading\">Bloco 2 \u2014 A nova arquitetura de comunica\u00e7\u00e3o<\/h1>\n\n\n\n<p>Neste bloco, exploramos como as empresas est\u00e3o estruturando plataformas modernas de comunica\u00e7\u00e3o baseadas em nuvem.<\/p>\n\n\n\n<h3 class=\"wp-block-heading\">Artigo 4<\/h3>\n\n\n\n<p><strong>O que \u00e9 PABX em nuvem e por que ele est\u00e1 substituindo a telefonia tradicional<\/strong><\/p>\n\n\n\n<p>Entenda como funciona a telefonia em nuvem e quais s\u00e3o seus principais benef\u00edcios.<\/p>\n\n\n\n<h3 class=\"wp-block-heading\">Artigo 5<\/h3>\n\n\n\n<p><strong>Arquitetura moderna de comunica\u00e7\u00e3o corporativa: os 4 pilares essenciais<\/strong><\/p>\n\n\n\n<p>Apresenta\u00e7\u00e3o do&nbsp;<strong>Framework de Comunica\u00e7\u00e3o Inteligente da InfoChoice<\/strong>, que organiza os principais componentes de uma plataforma moderna de comunica\u00e7\u00e3o empresarial.<\/p>\n\n\n\n<h3 class=\"wp-block-heading\">Artigo 6<\/h3>\n\n\n\n<p><strong>Mobilidade corporativa: quando o ramal passa a acompanhar o colaborador<\/strong><\/p>\n\n\n\n<p>Como plataformas modernas permitem que colaboradores utilizem seus ramais corporativos em qualquer lugar e dispositivo.<\/p>\n\n\n\n<hr class=\"wp-block-separator has-alpha-channel-opacity\"\/>\n\n\n\n<h1 class=\"wp-block-heading\">Bloco 3 \u2014 Automa\u00e7\u00e3o e intelig\u00eancia<\/h1>\n\n\n\n<p>A comunica\u00e7\u00e3o corporativa est\u00e1 evoluindo rapidamente com a incorpora\u00e7\u00e3o de automa\u00e7\u00e3o e intelig\u00eancia artificial.<\/p>\n\n\n\n<h3 class=\"wp-block-heading\">Artigo 7<\/h3>\n\n\n\n<p><strong>IA aplicada \u00e0 comunica\u00e7\u00e3o corporativa: o que j\u00e1 \u00e9 realidade<\/strong><\/p>\n\n\n\n<p>Como tecnologias de intelig\u00eancia artificial j\u00e1 est\u00e3o sendo utilizadas em plataformas de comunica\u00e7\u00e3o empresarial.<\/p>\n\n\n\n<h3 class=\"wp-block-heading\">Artigo 8<\/h3>\n\n\n\n<p><strong>Automa\u00e7\u00e3o de atendimento: como reduzir filas e melhorar a experi\u00eancia do cliente<\/strong><\/p>\n\n\n\n<p>Como fluxos automatizados e assistentes virtuais podem transformar o atendimento.<\/p>\n\n\n\n<h3 class=\"wp-block-heading\">Artigo 9<\/h3>\n\n\n\n<p><strong>Integra\u00e7\u00e3o entre telefonia e CRM: o pr\u00f3ximo passo da produtividade comercial<\/strong><\/p>\n\n\n\n<p>Como integrar comunica\u00e7\u00e3o corporativa com sistemas de gest\u00e3o de clientes e vendas.<\/p>\n\n\n\n<hr class=\"wp-block-separator has-alpha-channel-opacity\"\/>\n\n\n\n<h1 class=\"wp-block-heading\">Bloco 4 \u2014 Estrat\u00e9gia e valor para o neg\u00f3cio<\/h1>\n\n\n\n<p>O \u00faltimo bloco aborda os impactos estrat\u00e9gicos da moderniza\u00e7\u00e3o da comunica\u00e7\u00e3o corporativa.<\/p>\n\n\n\n<h3 class=\"wp-block-heading\">Artigo 10<\/h3>\n\n\n\n<p><strong>Como a comunica\u00e7\u00e3o corporativa impacta produtividade e experi\u00eancia do cliente<\/strong><\/p>\n\n\n\n<p>Como plataformas modernas influenciam diretamente a efici\u00eancia operacional e o relacionamento com clientes.<\/p>\n\n\n\n<h3 class=\"wp-block-heading\">Artigo 11<\/h3>\n\n\n\n<p><strong>Como reduzir custos e aumentar efici\u00eancia com comunica\u00e7\u00e3o em nuvem<\/strong><\/p>\n\n\n\n<p>Os benef\u00edcios econ\u00f4micos e operacionais da migra\u00e7\u00e3o para plataformas modernas de comunica\u00e7\u00e3o.<\/p>\n\n\n\n<h3 class=\"wp-block-heading\">Artigo 12<\/h3>\n\n\n\n<p><strong>Como planejar a moderniza\u00e7\u00e3o da comunica\u00e7\u00e3o corporativa na sua empresa<\/strong><\/p>\n\n\n\n<p>Boas pr\u00e1ticas para avaliar o cen\u00e1rio atual e estruturar a evolu\u00e7\u00e3o da comunica\u00e7\u00e3o empresarial.<\/p>\n","protected":false},"excerpt":{"rendered":"<p>A comunica\u00e7\u00e3o corporativa est\u00e1 passando por uma transforma\u00e7\u00e3o silenciosa. Neste artigo da s\u00e9rie da InfoChoice, exploramos por que cada vez mais empresas est\u00e3o revisitando suas plataformas de telefonia e comunica\u00e7\u00e3o para se adaptar ao trabalho h\u00edbrido, \u00e0 mobilidade e \u00e0s novas demandas da transforma\u00e7\u00e3o digital.<\/p>\n","protected":false},"author":1,"featured_media":3361,"comment_status":"open","ping_status":"closed","sticky":false,"template":"","format":"standard","meta":{"footnotes":""},"categories":[709,124,285,703,617,592,79,257,42,661],"tags":[711,713,715,80,714,712,710,173],"class_list":["post-3360","post","type-post","status-publish","format-standard","has-post-thumbnail","hentry","category-comunicacao_corporativa","category-comunicacao-unificada","category-consultoria-criativa","category-editora-infochoice","category-finops","category-gestao-inteligente-de-tecnologia","category-inteligencia-artificial","category-mentes-criativas","category-nuvem","category-podcast_analise_imersiva","tag-comunicacao-corporativa","tag-comunicacao-em-nuvem","tag-desabilitar-sem-categoria","tag-inteligencia-artificial","tag-mobilidade-corporativa","tag-pabx-em-nuvem","tag-telefonia-empresarial","tag-transformacao-digital"],"yoast_head":"<!-- This site is optimized with the Yoast SEO plugin v27.5 - https:\/\/yoast.com\/product\/yoast-seo-wordpress\/ -->\n<title>Comunica\u00e7\u00e3o Corporativa: por que empresas est\u00e3o revisitando suas plataformas<\/title>\n<meta name=\"description\" content=\"Muitas empresas est\u00e3o revisitando suas plataformas de comunica\u00e7\u00e3o corporativa. Entenda por que a telefonia tradicional est\u00e1 evoluindo para modelos em nuvem.\" \/>\n<meta name=\"robots\" content=\"index, follow, max-snippet:-1, max-image-preview:large, max-video-preview:-1\" \/>\n<link rel=\"canonical\" href=\"https:\/\/infochoice.com.br\/site\/index.php\/2026\/03\/13\/comunicacao-corporativa-evolucao-plataformas\/\" \/>\n<meta property=\"og:locale\" content=\"pt_BR\" \/>\n<meta property=\"og:type\" content=\"article\" \/>\n<meta property=\"og:title\" content=\"Comunica\u00e7\u00e3o Corporativa: por que empresas est\u00e3o revisitando suas plataformas\" \/>\n<meta property=\"og:description\" content=\"Muitas empresas est\u00e3o revisitando suas plataformas de comunica\u00e7\u00e3o corporativa. Entenda por que a telefonia tradicional est\u00e1 evoluindo para modelos em nuvem.\" \/>\n<meta property=\"og:url\" content=\"https:\/\/infochoice.com.br\/site\/index.php\/2026\/03\/13\/comunicacao-corporativa-evolucao-plataformas\/\" \/>\n<meta property=\"og:site_name\" content=\"InfoChoice Tecnologia\" \/>\n<meta property=\"article:publisher\" content=\"https:\/\/www.facebook.com\/infochoicetecnologia\" \/>\n<meta property=\"article:published_time\" content=\"2026-03-13T15:42:47+00:00\" \/>\n<meta property=\"article:modified_time\" content=\"2026-03-14T18:26:16+00:00\" \/>\n<meta property=\"og:image\" content=\"https:\/\/infochoice.com.br\/site\/wp-content\/uploads\/2026\/03\/artigo_1_serie_comunicacao_corporativa-1024x683.png\" \/>\n\t<meta property=\"og:image:width\" content=\"1024\" \/>\n\t<meta property=\"og:image:height\" content=\"683\" \/>\n\t<meta property=\"og:image:type\" content=\"image\/png\" \/>\n<meta name=\"author\" content=\"infochoice\" \/>\n<meta name=\"twitter:card\" content=\"summary_large_image\" \/>\n<meta name=\"twitter:creator\" content=\"@infochoicetecnologia\" \/>\n<meta name=\"twitter:site\" content=\"@infochoicetecnologia\" \/>\n<meta name=\"twitter:label1\" content=\"Escrito por\" \/>\n\t<meta name=\"twitter:data1\" content=\"infochoice\" \/>\n\t<meta name=\"twitter:label2\" content=\"Est. tempo de leitura\" \/>\n\t<meta name=\"twitter:data2\" content=\"6 minutos\" \/>\n<script type=\"application\/ld+json\" class=\"yoast-schema-graph\">{\"@context\":\"https:\\\/\\\/schema.org\",\"@graph\":[{\"@type\":\"Article\",\"@id\":\"https:\\\/\\\/infochoice.com.br\\\/site\\\/index.php\\\/2026\\\/03\\\/13\\\/comunicacao-corporativa-evolucao-plataformas\\\/#article\",\"isPartOf\":{\"@id\":\"https:\\\/\\\/infochoice.com.br\\\/site\\\/index.php\\\/2026\\\/03\\\/13\\\/comunicacao-corporativa-evolucao-plataformas\\\/\"},\"author\":{\"name\":\"infochoice\",\"@id\":\"https:\\\/\\\/infochoice.com.br\\\/site\\\/#\\\/schema\\\/person\\\/f9be2f0864e82336fb379bdc2004072e\"},\"headline\":\"Por que tantas empresas est\u00e3o revisitando suas plataformas de comunica\u00e7\u00e3o corporativa\",\"datePublished\":\"2026-03-13T15:42:47+00:00\",\"dateModified\":\"2026-03-14T18:26:16+00:00\",\"mainEntityOfPage\":{\"@id\":\"https:\\\/\\\/infochoice.com.br\\\/site\\\/index.php\\\/2026\\\/03\\\/13\\\/comunicacao-corporativa-evolucao-plataformas\\\/\"},\"wordCount\":1516,\"commentCount\":0,\"publisher\":{\"@id\":\"https:\\\/\\\/infochoice.com.br\\\/site\\\/#organization\"},\"image\":{\"@id\":\"https:\\\/\\\/infochoice.com.br\\\/site\\\/index.php\\\/2026\\\/03\\\/13\\\/comunicacao-corporativa-evolucao-plataformas\\\/#primaryimage\"},\"thumbnailUrl\":\"https:\\\/\\\/infochoice.com.br\\\/site\\\/wp-content\\\/uploads\\\/2026\\\/03\\\/artigo_1_serie_comunicacao_corporativa.png\",\"keywords\":[\"comunica\u00e7\u00e3o corporativa\",\"comunica\u00e7\u00e3o em nuvem\",\"desabilitar Sem categoria\",\"Intelig\u00eancia Artificial\",\"mobilidade corporativa\",\"PABX em nuvem\",\"telefonia empresarial\",\"transforma\u00e7\u00e3o digital\"],\"articleSection\":[\"Comunica\u00e7\u00e3o Corporativa\",\"Comunica\u00e7\u00e3o Unificada\",\"Consultoria CrIAtiva\",\"Editora InfoChoice\",\"FinOps\",\"Gest\u00e3o Inteligente de Tecnologia\",\"Intelig\u00eancia Artificial\",\"Mentes CrIAtivas\",\"Nuvem\",\"Podcast e An\u00e1lise Imersiva\"],\"inLanguage\":\"pt-BR\",\"potentialAction\":[{\"@type\":\"CommentAction\",\"name\":\"Comment\",\"target\":[\"https:\\\/\\\/infochoice.com.br\\\/site\\\/index.php\\\/2026\\\/03\\\/13\\\/comunicacao-corporativa-evolucao-plataformas\\\/#respond\"]}]},{\"@type\":\"WebPage\",\"@id\":\"https:\\\/\\\/infochoice.com.br\\\/site\\\/index.php\\\/2026\\\/03\\\/13\\\/comunicacao-corporativa-evolucao-plataformas\\\/\",\"url\":\"https:\\\/\\\/infochoice.com.br\\\/site\\\/index.php\\\/2026\\\/03\\\/13\\\/comunicacao-corporativa-evolucao-plataformas\\\/\",\"name\":\"Comunica\u00e7\u00e3o Corporativa: por que empresas est\u00e3o revisitando suas plataformas\",\"isPartOf\":{\"@id\":\"https:\\\/\\\/infochoice.com.br\\\/site\\\/#website\"},\"primaryImageOfPage\":{\"@id\":\"https:\\\/\\\/infochoice.com.br\\\/site\\\/index.php\\\/2026\\\/03\\\/13\\\/comunicacao-corporativa-evolucao-plataformas\\\/#primaryimage\"},\"image\":{\"@id\":\"https:\\\/\\\/infochoice.com.br\\\/site\\\/index.php\\\/2026\\\/03\\\/13\\\/comunicacao-corporativa-evolucao-plataformas\\\/#primaryimage\"},\"thumbnailUrl\":\"https:\\\/\\\/infochoice.com.br\\\/site\\\/wp-content\\\/uploads\\\/2026\\\/03\\\/artigo_1_serie_comunicacao_corporativa.png\",\"datePublished\":\"2026-03-13T15:42:47+00:00\",\"dateModified\":\"2026-03-14T18:26:16+00:00\",\"description\":\"Muitas empresas est\u00e3o revisitando suas plataformas de comunica\u00e7\u00e3o corporativa. Entenda por que a telefonia tradicional est\u00e1 evoluindo para modelos em nuvem.\",\"breadcrumb\":{\"@id\":\"https:\\\/\\\/infochoice.com.br\\\/site\\\/index.php\\\/2026\\\/03\\\/13\\\/comunicacao-corporativa-evolucao-plataformas\\\/#breadcrumb\"},\"inLanguage\":\"pt-BR\",\"potentialAction\":[{\"@type\":\"ReadAction\",\"target\":[\"https:\\\/\\\/infochoice.com.br\\\/site\\\/index.php\\\/2026\\\/03\\\/13\\\/comunicacao-corporativa-evolucao-plataformas\\\/\"]}]},{\"@type\":\"ImageObject\",\"inLanguage\":\"pt-BR\",\"@id\":\"https:\\\/\\\/infochoice.com.br\\\/site\\\/index.php\\\/2026\\\/03\\\/13\\\/comunicacao-corporativa-evolucao-plataformas\\\/#primaryimage\",\"url\":\"https:\\\/\\\/infochoice.com.br\\\/site\\\/wp-content\\\/uploads\\\/2026\\\/03\\\/artigo_1_serie_comunicacao_corporativa.png\",\"contentUrl\":\"https:\\\/\\\/infochoice.com.br\\\/site\\\/wp-content\\\/uploads\\\/2026\\\/03\\\/artigo_1_serie_comunicacao_corporativa.png\",\"width\":1536,\"height\":1024,\"caption\":\"Ilustra\u00e7\u00e3o mostrando a evolu\u00e7\u00e3o da comunica\u00e7\u00e3o corporativa, da telefonia tradicional para plataformas modernas baseadas em nuvem, mobilidade e automa\u00e7\u00e3o.\"},{\"@type\":\"BreadcrumbList\",\"@id\":\"https:\\\/\\\/infochoice.com.br\\\/site\\\/index.php\\\/2026\\\/03\\\/13\\\/comunicacao-corporativa-evolucao-plataformas\\\/#breadcrumb\",\"itemListElement\":[{\"@type\":\"ListItem\",\"position\":1,\"name\":\"Home\",\"item\":\"https:\\\/\\\/infochoice.com.br\\\/site\\\/\"},{\"@type\":\"ListItem\",\"position\":2,\"name\":\"Por que tantas empresas est\u00e3o revisitando suas plataformas de comunica\u00e7\u00e3o corporativa\"}]},{\"@type\":\"WebSite\",\"@id\":\"https:\\\/\\\/infochoice.com.br\\\/site\\\/#website\",\"url\":\"https:\\\/\\\/infochoice.com.br\\\/site\\\/\",\"name\":\"InfoChoice Tecnologia\",\"description\":\"Solu\u00e7\u00f5es e decis\u00f5es estrat\u00e9gicas guiadas por confian\u00e7a, prop\u00f3sito e responsabilidade..\",\"publisher\":{\"@id\":\"https:\\\/\\\/infochoice.com.br\\\/site\\\/#organization\"},\"alternateName\":\"InfoChoice Tecnologia\",\"potentialAction\":[{\"@type\":\"SearchAction\",\"target\":{\"@type\":\"EntryPoint\",\"urlTemplate\":\"https:\\\/\\\/infochoice.com.br\\\/site\\\/?s={search_term_string}\"},\"query-input\":{\"@type\":\"PropertyValueSpecification\",\"valueRequired\":true,\"valueName\":\"search_term_string\"}}],\"inLanguage\":\"pt-BR\"},{\"@type\":\"Organization\",\"@id\":\"https:\\\/\\\/infochoice.com.br\\\/site\\\/#organization\",\"name\":\"InfoChoice\",\"alternateName\":\"InfoChoice Tecnologia\",\"url\":\"https:\\\/\\\/infochoice.com.br\\\/site\\\/\",\"logo\":{\"@type\":\"ImageObject\",\"inLanguage\":\"pt-BR\",\"@id\":\"https:\\\/\\\/infochoice.com.br\\\/site\\\/#\\\/schema\\\/logo\\\/image\\\/\",\"url\":\"https:\\\/\\\/i0.wp.com\\\/infochoice.com.br\\\/site\\\/wp-content\\\/uploads\\\/2023\\\/10\\\/infochoice_ico.png?fit=215%2C219&ssl=1\",\"contentUrl\":\"https:\\\/\\\/i0.wp.com\\\/infochoice.com.br\\\/site\\\/wp-content\\\/uploads\\\/2023\\\/10\\\/infochoice_ico.png?fit=215%2C219&ssl=1\",\"width\":215,\"height\":219,\"caption\":\"InfoChoice\"},\"image\":{\"@id\":\"https:\\\/\\\/infochoice.com.br\\\/site\\\/#\\\/schema\\\/logo\\\/image\\\/\"},\"sameAs\":[\"https:\\\/\\\/www.facebook.com\\\/infochoicetecnologia\",\"https:\\\/\\\/x.com\\\/infochoicetecnologia\",\"https:\\\/\\\/www.instagram.com\\\/infochoicetecnologia\",\"https:\\\/\\\/www.youtube.com\\\/infochoicetecnologia\",\"https:\\\/\\\/www.linkedin.com\\\/infochoicetecnologia\"]},{\"@type\":\"Person\",\"@id\":\"https:\\\/\\\/infochoice.com.br\\\/site\\\/#\\\/schema\\\/person\\\/f9be2f0864e82336fb379bdc2004072e\",\"name\":\"infochoice\",\"image\":{\"@type\":\"ImageObject\",\"inLanguage\":\"pt-BR\",\"@id\":\"https:\\\/\\\/secure.gravatar.com\\\/avatar\\\/87e78cc6508dce8559a41de4d1bc77be10e5bf347e873fa9c483811e38b5b190?s=96&d=mm&r=g\",\"url\":\"https:\\\/\\\/secure.gravatar.com\\\/avatar\\\/87e78cc6508dce8559a41de4d1bc77be10e5bf347e873fa9c483811e38b5b190?s=96&d=mm&r=g\",\"contentUrl\":\"https:\\\/\\\/secure.gravatar.com\\\/avatar\\\/87e78cc6508dce8559a41de4d1bc77be10e5bf347e873fa9c483811e38b5b190?s=96&d=mm&r=g\",\"caption\":\"infochoice\"},\"sameAs\":[\"https:\\\/\\\/infochoice.com.br\"],\"url\":\"https:\\\/\\\/infochoice.com.br\\\/site\\\/index.php\\\/author\\\/infochoice\\\/\"}]}<\/script>\n<!-- \/ Yoast SEO plugin. -->","yoast_head_json":{"title":"Comunica\u00e7\u00e3o Corporativa: por que empresas est\u00e3o revisitando suas plataformas","description":"Muitas empresas est\u00e3o revisitando suas plataformas de comunica\u00e7\u00e3o corporativa. Entenda por que a telefonia tradicional est\u00e1 evoluindo para modelos em nuvem.","robots":{"index":"index","follow":"follow","max-snippet":"max-snippet:-1","max-image-preview":"max-image-preview:large","max-video-preview":"max-video-preview:-1"},"canonical":"https:\/\/infochoice.com.br\/site\/index.php\/2026\/03\/13\/comunicacao-corporativa-evolucao-plataformas\/","og_locale":"pt_BR","og_type":"article","og_title":"Comunica\u00e7\u00e3o Corporativa: por que empresas est\u00e3o revisitando suas plataformas","og_description":"Muitas empresas est\u00e3o revisitando suas plataformas de comunica\u00e7\u00e3o corporativa. Entenda por que a telefonia tradicional est\u00e1 evoluindo para modelos em nuvem.","og_url":"https:\/\/infochoice.com.br\/site\/index.php\/2026\/03\/13\/comunicacao-corporativa-evolucao-plataformas\/","og_site_name":"InfoChoice Tecnologia","article_publisher":"https:\/\/www.facebook.com\/infochoicetecnologia","article_published_time":"2026-03-13T15:42:47+00:00","article_modified_time":"2026-03-14T18:26:16+00:00","og_image":[{"width":1024,"height":683,"url":"https:\/\/infochoice.com.br\/site\/wp-content\/uploads\/2026\/03\/artigo_1_serie_comunicacao_corporativa-1024x683.png","type":"image\/png"}],"author":"infochoice","twitter_card":"summary_large_image","twitter_creator":"@infochoicetecnologia","twitter_site":"@infochoicetecnologia","twitter_misc":{"Escrito por":"infochoice","Est. tempo de leitura":"6 minutos"},"schema":{"@context":"https:\/\/schema.org","@graph":[{"@type":"Article","@id":"https:\/\/infochoice.com.br\/site\/index.php\/2026\/03\/13\/comunicacao-corporativa-evolucao-plataformas\/#article","isPartOf":{"@id":"https:\/\/infochoice.com.br\/site\/index.php\/2026\/03\/13\/comunicacao-corporativa-evolucao-plataformas\/"},"author":{"name":"infochoice","@id":"https:\/\/infochoice.com.br\/site\/#\/schema\/person\/f9be2f0864e82336fb379bdc2004072e"},"headline":"Por que tantas empresas est\u00e3o revisitando suas plataformas de comunica\u00e7\u00e3o corporativa","datePublished":"2026-03-13T15:42:47+00:00","dateModified":"2026-03-14T18:26:16+00:00","mainEntityOfPage":{"@id":"https:\/\/infochoice.com.br\/site\/index.php\/2026\/03\/13\/comunicacao-corporativa-evolucao-plataformas\/"},"wordCount":1516,"commentCount":0,"publisher":{"@id":"https:\/\/infochoice.com.br\/site\/#organization"},"image":{"@id":"https:\/\/infochoice.com.br\/site\/index.php\/2026\/03\/13\/comunicacao-corporativa-evolucao-plataformas\/#primaryimage"},"thumbnailUrl":"https:\/\/infochoice.com.br\/site\/wp-content\/uploads\/2026\/03\/artigo_1_serie_comunicacao_corporativa.png","keywords":["comunica\u00e7\u00e3o corporativa","comunica\u00e7\u00e3o em nuvem","desabilitar Sem categoria","Intelig\u00eancia Artificial","mobilidade corporativa","PABX em nuvem","telefonia empresarial","transforma\u00e7\u00e3o digital"],"articleSection":["Comunica\u00e7\u00e3o Corporativa","Comunica\u00e7\u00e3o Unificada","Consultoria CrIAtiva","Editora InfoChoice","FinOps","Gest\u00e3o Inteligente de Tecnologia","Intelig\u00eancia Artificial","Mentes CrIAtivas","Nuvem","Podcast e An\u00e1lise Imersiva"],"inLanguage":"pt-BR","potentialAction":[{"@type":"CommentAction","name":"Comment","target":["https:\/\/infochoice.com.br\/site\/index.php\/2026\/03\/13\/comunicacao-corporativa-evolucao-plataformas\/#respond"]}]},{"@type":"WebPage","@id":"https:\/\/infochoice.com.br\/site\/index.php\/2026\/03\/13\/comunicacao-corporativa-evolucao-plataformas\/","url":"https:\/\/infochoice.com.br\/site\/index.php\/2026\/03\/13\/comunicacao-corporativa-evolucao-plataformas\/","name":"Comunica\u00e7\u00e3o Corporativa: por que empresas est\u00e3o revisitando suas plataformas","isPartOf":{"@id":"https:\/\/infochoice.com.br\/site\/#website"},"primaryImageOfPage":{"@id":"https:\/\/infochoice.com.br\/site\/index.php\/2026\/03\/13\/comunicacao-corporativa-evolucao-plataformas\/#primaryimage"},"image":{"@id":"https:\/\/infochoice.com.br\/site\/index.php\/2026\/03\/13\/comunicacao-corporativa-evolucao-plataformas\/#primaryimage"},"thumbnailUrl":"https:\/\/infochoice.com.br\/site\/wp-content\/uploads\/2026\/03\/artigo_1_serie_comunicacao_corporativa.png","datePublished":"2026-03-13T15:42:47+00:00","dateModified":"2026-03-14T18:26:16+00:00","description":"Muitas empresas est\u00e3o revisitando suas plataformas de comunica\u00e7\u00e3o corporativa. Entenda por que a telefonia tradicional est\u00e1 evoluindo para modelos em nuvem.","breadcrumb":{"@id":"https:\/\/infochoice.com.br\/site\/index.php\/2026\/03\/13\/comunicacao-corporativa-evolucao-plataformas\/#breadcrumb"},"inLanguage":"pt-BR","potentialAction":[{"@type":"ReadAction","target":["https:\/\/infochoice.com.br\/site\/index.php\/2026\/03\/13\/comunicacao-corporativa-evolucao-plataformas\/"]}]},{"@type":"ImageObject","inLanguage":"pt-BR","@id":"https:\/\/infochoice.com.br\/site\/index.php\/2026\/03\/13\/comunicacao-corporativa-evolucao-plataformas\/#primaryimage","url":"https:\/\/infochoice.com.br\/site\/wp-content\/uploads\/2026\/03\/artigo_1_serie_comunicacao_corporativa.png","contentUrl":"https:\/\/infochoice.com.br\/site\/wp-content\/uploads\/2026\/03\/artigo_1_serie_comunicacao_corporativa.png","width":1536,"height":1024,"caption":"Ilustra\u00e7\u00e3o mostrando a evolu\u00e7\u00e3o da comunica\u00e7\u00e3o corporativa, da telefonia tradicional para plataformas modernas baseadas em nuvem, mobilidade e automa\u00e7\u00e3o."},{"@type":"BreadcrumbList","@id":"https:\/\/infochoice.com.br\/site\/index.php\/2026\/03\/13\/comunicacao-corporativa-evolucao-plataformas\/#breadcrumb","itemListElement":[{"@type":"ListItem","position":1,"name":"Home","item":"https:\/\/infochoice.com.br\/site\/"},{"@type":"ListItem","position":2,"name":"Por que tantas empresas est\u00e3o revisitando suas plataformas de comunica\u00e7\u00e3o corporativa"}]},{"@type":"WebSite","@id":"https:\/\/infochoice.com.br\/site\/#website","url":"https:\/\/infochoice.com.br\/site\/","name":"InfoChoice Tecnologia","description":"Solu\u00e7\u00f5es e decis\u00f5es estrat\u00e9gicas guiadas por confian\u00e7a, prop\u00f3sito e responsabilidade..","publisher":{"@id":"https:\/\/infochoice.com.br\/site\/#organization"},"alternateName":"InfoChoice Tecnologia","potentialAction":[{"@type":"SearchAction","target":{"@type":"EntryPoint","urlTemplate":"https:\/\/infochoice.com.br\/site\/?s={search_term_string}"},"query-input":{"@type":"PropertyValueSpecification","valueRequired":true,"valueName":"search_term_string"}}],"inLanguage":"pt-BR"},{"@type":"Organization","@id":"https:\/\/infochoice.com.br\/site\/#organization","name":"InfoChoice","alternateName":"InfoChoice Tecnologia","url":"https:\/\/infochoice.com.br\/site\/","logo":{"@type":"ImageObject","inLanguage":"pt-BR","@id":"https:\/\/infochoice.com.br\/site\/#\/schema\/logo\/image\/","url":"https:\/\/i0.wp.com\/infochoice.com.br\/site\/wp-content\/uploads\/2023\/10\/infochoice_ico.png?fit=215%2C219&ssl=1","contentUrl":"https:\/\/i0.wp.com\/infochoice.com.br\/site\/wp-content\/uploads\/2023\/10\/infochoice_ico.png?fit=215%2C219&ssl=1","width":215,"height":219,"caption":"InfoChoice"},"image":{"@id":"https:\/\/infochoice.com.br\/site\/#\/schema\/logo\/image\/"},"sameAs":["https:\/\/www.facebook.com\/infochoicetecnologia","https:\/\/x.com\/infochoicetecnologia","https:\/\/www.instagram.com\/infochoicetecnologia","https:\/\/www.youtube.com\/infochoicetecnologia","https:\/\/www.linkedin.com\/infochoicetecnologia"]},{"@type":"Person","@id":"https:\/\/infochoice.com.br\/site\/#\/schema\/person\/f9be2f0864e82336fb379bdc2004072e","name":"infochoice","image":{"@type":"ImageObject","inLanguage":"pt-BR","@id":"https:\/\/secure.gravatar.com\/avatar\/87e78cc6508dce8559a41de4d1bc77be10e5bf347e873fa9c483811e38b5b190?s=96&d=mm&r=g","url":"https:\/\/secure.gravatar.com\/avatar\/87e78cc6508dce8559a41de4d1bc77be10e5bf347e873fa9c483811e38b5b190?s=96&d=mm&r=g","contentUrl":"https:\/\/secure.gravatar.com\/avatar\/87e78cc6508dce8559a41de4d1bc77be10e5bf347e873fa9c483811e38b5b190?s=96&d=mm&r=g","caption":"infochoice"},"sameAs":["https:\/\/infochoice.com.br"],"url":"https:\/\/infochoice.com.br\/site\/index.php\/author\/infochoice\/"}]}},"_links":{"self":[{"href":"https:\/\/infochoice.com.br\/site\/index.php\/wp-json\/wp\/v2\/posts\/3360","targetHints":{"allow":["GET"]}}],"collection":[{"href":"https:\/\/infochoice.com.br\/site\/index.php\/wp-json\/wp\/v2\/posts"}],"about":[{"href":"https:\/\/infochoice.com.br\/site\/index.php\/wp-json\/wp\/v2\/types\/post"}],"author":[{"embeddable":true,"href":"https:\/\/infochoice.com.br\/site\/index.php\/wp-json\/wp\/v2\/users\/1"}],"replies":[{"embeddable":true,"href":"https:\/\/infochoice.com.br\/site\/index.php\/wp-json\/wp\/v2\/comments?post=3360"}],"version-history":[{"count":9,"href":"https:\/\/infochoice.com.br\/site\/index.php\/wp-json\/wp\/v2\/posts\/3360\/revisions"}],"predecessor-version":[{"id":3473,"href":"https:\/\/infochoice.com.br\/site\/index.php\/wp-json\/wp\/v2\/posts\/3360\/revisions\/3473"}],"wp:featuredmedia":[{"embeddable":true,"href":"https:\/\/infochoice.com.br\/site\/index.php\/wp-json\/wp\/v2\/media\/3361"}],"wp:attachment":[{"href":"https:\/\/infochoice.com.br\/site\/index.php\/wp-json\/wp\/v2\/media?parent=3360"}],"wp:term":[{"taxonomy":"category","embeddable":true,"href":"https:\/\/infochoice.com.br\/site\/index.php\/wp-json\/wp\/v2\/categories?post=3360"},{"taxonomy":"post_tag","embeddable":true,"href":"https:\/\/infochoice.com.br\/site\/index.php\/wp-json\/wp\/v2\/tags?post=3360"}],"curies":[{"name":"wp","href":"https:\/\/api.w.org\/{rel}","templated":true}]}}